{"id":6575,"date":"2025-03-06T08:15:59","date_gmt":"2025-03-06T07:15:59","guid":{"rendered":"https:\/\/cronicaslombardi.com\/?p=6575"},"modified":"2025-03-06T08:43:12","modified_gmt":"2025-03-06T07:43:12","slug":"el-botin-que-deja-un-joey-bosa-cortado","status":"publish","type":"post","link":"https:\/\/cronicaslombardi.com\/?p=6575","title":{"rendered":"El Bot\u00edn que deja un Joey Bosa cortado"},"content":{"rendered":"\n<p><strong>Los \u00c1ngeles, 5 de Marzo de 2025.-<\/strong>Los Chargers han tomado una decisi\u00f3n significativa al anunciar el corte del veterano pass-rusher Joey Bosa, quien hab\u00eda sido una pieza clave en su defensa durante nueve temporadas. Este movimiento, confirmado el mi\u00e9rcoles por la noche, permite al equipo liberar un total de $25.36 millones en espacio bajo el tope salarial para la temporada 2025, aunque a costa de absorber un impacto de dinero muerto (dead cap) de $11.11 millones para este a\u00f1o.Bosa, seleccionado como la tercera selecci\u00f3n global en el Draft de la NFL de 2016, estaba en el \u00faltimo a\u00f1o de un contrato reestructurado que firm\u00f3 previamente con el equipo. Para 2025, su salario base estaba estipulado en $13 millones, acompa\u00f1ado de un bono de roster de $12.36 millones, lo que generaba un impacto total en el tope salarial de $36.47 millones. Al cortarlo, los Chargers evitan pagar estos $25.36 millones combinados de salario y bono, mientras que el dinero muerto de $11.11 millones corresponde a las porciones prorrateadas de bonos previos que a\u00fan deb\u00edan contabilizarse.Este movimiento eleva el espacio salarial disponible de los Chargers a aproximadamente $90.6 millones, posicion\u00e1ndolos entre los equipos con mayor flexibilidad financiera de la NFL, solo superados por los Las Vegas Raiders y los New England Patriots, seg\u00fan estimaciones de Over The Cap. La decisi\u00f3n llega tras un 2024 en el que Bosa, a pesar de seguir siendo un jugador disruptivo, lidi\u00f3 con lesiones que limitaron su participaci\u00f3n a solo 28 de 50 juegos posibles en las \u00faltimas tres temporadas, registrando 14 capturas en ese per\u00edodo.El corte de Bosa tambi\u00e9n refleja una estrategia de reestructuraci\u00f3n bajo el mando del entrenador Jim Harbaugh y el gerente general Joe Hortiz, quienes buscan rejuvenecer la plantilla y priorizar recursos para otras necesidades, como la posible renovaci\u00f3n de Khalil Mack, otro edge rusher clave que se convertir\u00e1 en agente libre, o la adquisici\u00f3n de talento joven en el mercado. Con este ajuste, los Chargers ahora cuentan con una proyecci\u00f3n de 10 selecciones en el Draft de abril y un colch\u00f3n financiero considerable para ser agresivos en la agencia libre que inicia el pr\u00f3ximo lunes.En su carrera con los Chargers, Bosa deja un legado notable: 107 partidos disputados, 343 tackleadas, 87 tackleadas para p\u00e9rdida, 72 sacks, 17 fumbles forzados, cinco selecciones al Pro Bowl y el premio al Novato Defensivo del A\u00f1o en 2016. Sin embargo, su historial de lesiones y el alto costo de su contrato inclinaron la balanza hacia esta separaci\u00f3n, permitiendo a Bosa, de 29 a\u00f1os, explorar el mercado de agentes libres por primera vez en su carrera. Ahora, el equipo angelino deber\u00e1 enfocarse en reconstruir su l\u00ednea defensiva mientras aprovecha al m\u00e1ximo los $63.05 millones iniciales de espacio proyectado, m\u00e1s los $25.36 millones adicionales liberados con este corte, para moldear un roster competitivo en 2025.<\/p>\n\n\n\n<hr class=\"wp-block-separator has-alpha-channel-opacity\"\/>\n\n\n<ul class=\"wp-block-latest-posts__list is-grid columns-3 wp-block-latest-posts\"><li><div class=\"wp-block-latest-posts__featured-image aligncenter\"><img loading=\"lazy\" width=\"150\" height=\"150\" src=\"https:\/\/cronicaslombardi.com\/wp-content\/uploads\/2026\/02\/ELCLASICO_POSTSB-150x150.png\" class=\"attachment-thumbnail size-thumbnail wp-post-image\" alt=\"ELCLASICO_POSTSB\" style=\"\" srcset=\"https:\/\/cronicaslombardi.com\/wp-content\/uploads\/2026\/02\/ELCLASICO_POSTSB-150x150.png 150w, https:\/\/cronicaslombardi.com\/wp-content\/uploads\/2026\/02\/ELCLASICO_POSTSB-300x300.png 300w, https:\/\/cronicaslombardi.com\/wp-content\/uploads\/2026\/02\/ELCLASICO_POSTSB-100x100.png 100w\" sizes=\"auto, (max-width: 150px) 100vw, 150px\" loading=\"lazy\" decoding=\"async\" \/><\/div><a class=\"wp-block-latest-posts__post-title\" href=\"https:\/\/cronicaslombardi.com\/?p=9009\">POST DE LA SUPER BOWL LX, Con Rub\u00e9n Ibeas &#8211; NFL 2025\/26 y un Libro de Football.<\/a><div class=\"wp-block-latest-posts__post-excerpt\">Hacen este programa @JEduFernandez, @TomasiSantiago, @Rubenibg, Stefano Ayerbe y Ant\u00f3n Gallo \ud83d\udc47ENLACES\ud83d\udc47<\/div><\/li>\n<li><div class=\"wp-block-latest-posts__featured-image aligncenter\"><img loading=\"lazy\" width=\"150\" height=\"150\" src=\"https:\/\/cronicaslombardi.com\/wp-content\/uploads\/2026\/02\/POSTSB-150x150.png\" class=\"attachment-thumbnail size-thumbnail wp-post-image\" alt=\"POSTSB\" style=\"\" srcset=\"https:\/\/cronicaslombardi.com\/wp-content\/uploads\/2026\/02\/POSTSB-150x150.png 150w, https:\/\/cronicaslombardi.com\/wp-content\/uploads\/2026\/02\/POSTSB-300x300.png 300w, https:\/\/cronicaslombardi.com\/wp-content\/uploads\/2026\/02\/POSTSB-100x100.png 100w\" sizes=\"auto, (max-width: 150px) 100vw, 150px\" loading=\"lazy\" decoding=\"async\" \/><\/div><a class=\"wp-block-latest-posts__post-title\" href=\"https:\/\/cronicaslombardi.com\/?p=9006\">SUPER BOWL LX &#8211; NFL 2026: Week by Week &#8211; POST DEL PARTIDO M\u00c1S GRANDE DEL MUNDO<\/a><div class=\"wp-block-latest-posts__post-excerpt\">CON JORGE FERN\u00c1NDEZ, ALBERTO ZARAGOZA, y JOS\u00c9 ELADIO FERN\u00c1NDEZ \ud83d\udc47ENLACES\ud83d\udc47<\/div><\/li>\n<li><div class=\"wp-block-latest-posts__featured-image aligncenter\"><img loading=\"lazy\" width=\"150\" height=\"150\" src=\"https:\/\/cronicaslombardi.com\/wp-content\/uploads\/2026\/02\/EL-CLASICO-PREVIA-_SB_-150x150.png\" class=\"attachment-thumbnail size-thumbnail wp-post-image\" alt=\"EL CLASICO PREVIA _SB_\" style=\"\" srcset=\"https:\/\/cronicaslombardi.com\/wp-content\/uploads\/2026\/02\/EL-CLASICO-PREVIA-_SB_-150x150.png 150w, https:\/\/cronicaslombardi.com\/wp-content\/uploads\/2026\/02\/EL-CLASICO-PREVIA-_SB_-300x300.png 300w, https:\/\/cronicaslombardi.com\/wp-content\/uploads\/2026\/02\/EL-CLASICO-PREVIA-_SB_-100x100.png 100w\" sizes=\"auto, (max-width: 150px) 100vw, 150px\" loading=\"lazy\" decoding=\"async\" \/><\/div><a class=\"wp-block-latest-posts__post-title\" href=\"https:\/\/cronicaslombardi.com\/?p=8998\">PREVIA DE LA SUPER BOWL LX, Con Rub\u00e9n Ibeas &#8211; NFL 2025\/26<\/a><div class=\"wp-block-latest-posts__post-excerpt\">Hacen este programa @JEduFernandez, @TomasiSantiago, @Rubenibg, Josu Gorosabel y Marcelino Monferrer \ud83d\udc47ENLACES\ud83d\udc47<\/div><\/li>\n<li><div class=\"wp-block-latest-posts__featured-image aligncenter\"><img loading=\"lazy\" width=\"150\" height=\"150\" src=\"https:\/\/cronicaslombardi.com\/wp-content\/uploads\/2026\/02\/WEEEKBYWEEK-PREVIA-SB-150x150.png\" class=\"attachment-thumbnail size-thumbnail wp-post-image\" alt=\"WEEEKBYWEEK PREVIA SB\" style=\"\" srcset=\"https:\/\/cronicaslombardi.com\/wp-content\/uploads\/2026\/02\/WEEEKBYWEEK-PREVIA-SB-150x150.png 150w, https:\/\/cronicaslombardi.com\/wp-content\/uploads\/2026\/02\/WEEEKBYWEEK-PREVIA-SB-300x300.png 300w, https:\/\/cronicaslombardi.com\/wp-content\/uploads\/2026\/02\/WEEEKBYWEEK-PREVIA-SB-100x100.png 100w\" sizes=\"auto, (max-width: 150px) 100vw, 150px\" loading=\"lazy\" decoding=\"async\" \/><\/div><a class=\"wp-block-latest-posts__post-title\" href=\"https:\/\/cronicaslombardi.com\/?p=8993\">Y LLEGA SUPER BOWL LX &#8211; NFL 2026: Week by Week &#8211; PREVIA DEL PARTIDO M\u00c1S GRANDE<\/a><div class=\"wp-block-latest-posts__post-excerpt\">CON JORGE FERN\u00c1NDEZ, ALBERTO ZARAGOZA, y JOS\u00c9 ELADIO FERN\u00c1NDEZ \ud83d\udc47ENLACES\ud83d\udc47<\/div><\/li>\n<li><div class=\"wp-block-latest-posts__featured-image aligncenter\"><img loading=\"lazy\" width=\"150\" height=\"150\" src=\"https:\/\/cronicaslombardi.com\/wp-content\/uploads\/2026\/01\/EL-CLASICOFINALES-150x150.png\" class=\"attachment-thumbnail size-thumbnail wp-post-image\" alt=\"EL CLASICOFINALES\" style=\"\" srcset=\"https:\/\/cronicaslombardi.com\/wp-content\/uploads\/2026\/01\/EL-CLASICOFINALES-150x150.png 150w, https:\/\/cronicaslombardi.com\/wp-content\/uploads\/2026\/01\/EL-CLASICOFINALES-300x300.png 300w, https:\/\/cronicaslombardi.com\/wp-content\/uploads\/2026\/01\/EL-CLASICOFINALES-100x100.png 100w\" sizes=\"auto, (max-width: 150px) 100vw, 150px\" loading=\"lazy\" decoding=\"async\" \/><\/div><a class=\"wp-block-latest-posts__post-title\" href=\"https:\/\/cronicaslombardi.com\/?p=8990\">LAS FINALES DE CONFERENCIA EN LA NFL y McCARTHY a PITTSBURGH, Con Rub\u00e9n Ibeas<\/a><div class=\"wp-block-latest-posts__post-excerpt\">Hacen este programa @JEduFernandez, @TomasiSantiago, @Rubenibg y Ra\u00fal Cancio POST FINALES &#8211; EPISODIO 4X23 PODCAST \ud83d\udc47ENLACES\ud83d\udc47<\/div><\/li>\n<li><div class=\"wp-block-latest-posts__featured-image aligncenter\"><img loading=\"lazy\" width=\"150\" height=\"150\" src=\"https:\/\/cronicaslombardi.com\/wp-content\/uploads\/2026\/01\/crossOverLASFINALES-150x150.png\" class=\"attachment-thumbnail size-thumbnail wp-post-image\" alt=\"crossOverLASFINALES\" style=\"\" srcset=\"https:\/\/cronicaslombardi.com\/wp-content\/uploads\/2026\/01\/crossOverLASFINALES-150x150.png 150w, https:\/\/cronicaslombardi.com\/wp-content\/uploads\/2026\/01\/crossOverLASFINALES-300x300.png 300w, https:\/\/cronicaslombardi.com\/wp-content\/uploads\/2026\/01\/crossOverLASFINALES-100x100.png 100w\" sizes=\"auto, (max-width: 150px) 100vw, 150px\" loading=\"lazy\" decoding=\"async\" \/><\/div><a class=\"wp-block-latest-posts__post-title\" href=\"https:\/\/cronicaslombardi.com\/?p=8985\">Y SUCEDIERON LAS FINALES DE CONFERENCIA DE LA NFL: Week by Week &#8211; LAS FINALES<\/a><div class=\"wp-block-latest-posts__post-excerpt\">CON JORGE FERN\u00c1NDEZ, ALBERTO ZARAGOZA, STEFANO AYERBE y JOS\u00c9 ELADIO FERN\u00c1NDEZ \ud83d\udc47ENLACES\ud83d\udc47<\/div><\/li>\n<\/ul>","protected":false},"excerpt":{"rendered":"<p>Los \u00c1ngeles, 5 de Marzo de 2025.-Los Chargers han tomado una decisi\u00f3n significativa al anunciar el corte del<\/p>\n","protected":false},"author":1,"featured_media":6579,"comment_status":"open","ping_status":"open","sticky":false,"template":"","format":"standard","meta":{"footnotes":""},"categories":[11,23,185,24,26],"tags":[195,193,43],"class_list":["post-6575","post","type-post","status-publish","format-standard","has-post-thumbnail","hentry","category-actualidad","category-nfl","category-noticia","category-noticia-destacada","category-top","tag-chargers","tag-joey-bosa","tag-nfl"],"_links":{"self":[{"href":"https:\/\/cronicaslombardi.com\/index.php?rest_route=\/wp\/v2\/posts\/6575","targetHints":{"allow":["GET"]}}],"collection":[{"href":"https:\/\/cronicaslombardi.com\/index.php?rest_route=\/wp\/v2\/posts"}],"about":[{"href":"https:\/\/cronicaslombardi.com\/index.php?rest_route=\/wp\/v2\/types\/post"}],"author":[{"embeddable":true,"href":"https:\/\/cronicaslombardi.com\/index.php?rest_route=\/wp\/v2\/users\/1"}],"replies":[{"embeddable":true,"href":"https:\/\/cronicaslombardi.com\/index.php?rest_route=%2Fwp%2Fv2%2Fcomments&post=6575"}],"version-history":[{"count":4,"href":"https:\/\/cronicaslombardi.com\/index.php?rest_route=\/wp\/v2\/posts\/6575\/revisions"}],"predecessor-version":[{"id":6581,"href":"https:\/\/cronicaslombardi.com\/index.php?rest_route=\/wp\/v2\/posts\/6575\/revisions\/6581"}],"wp:featuredmedia":[{"embeddable":true,"href":"https:\/\/cronicaslombardi.com\/index.php?rest_route=\/wp\/v2\/media\/6579"}],"wp:attachment":[{"href":"https:\/\/cronicaslombardi.com\/index.php?rest_route=%2Fwp%2Fv2%2Fmedia&parent=6575"}],"wp:term":[{"taxonomy":"category","embeddable":true,"href":"https:\/\/cronicaslombardi.com\/index.php?rest_route=%2Fwp%2Fv2%2Fcategories&post=6575"},{"taxonomy":"post_tag","embeddable":true,"href":"https:\/\/cronicaslombardi.com\/index.php?rest_route=%2Fwp%2Fv2%2Ftags&post=6575"}],"curies":[{"name":"wp","href":"https:\/\/api.w.org\/{rel}","templated":true}]}}