{"id":5506,"date":"2024-02-23T17:51:48","date_gmt":"2024-02-23T16:51:48","guid":{"rendered":"https:\/\/cronicaslombardi.com\/?p=5506"},"modified":"2024-02-23T17:58:22","modified_gmt":"2024-02-23T16:58:22","slug":"las-10-reflexiones-de-rafa","status":"publish","type":"post","link":"https:\/\/cronicaslombardi.com\/?p=5506","title":{"rendered":"Las 10 Reflexiones de Rafa Cervera: Offseason 1"},"content":{"rendered":"\n<figure class=\"wp-block-image aligncenter size-full is-resized is-style-rounded\"><img decoding=\"async\" width=\"211\" height=\"210\" src=\"https:\/\/cronicaslombardi.com\/wp-content\/uploads\/2024\/04\/RAFA.png\" alt=\"\" class=\"wp-image-5754\" style=\"object-fit:cover;width:55px;height:55px\" srcset=\"https:\/\/cronicaslombardi.com\/wp-content\/uploads\/2024\/04\/RAFA.png 211w, https:\/\/cronicaslombardi.com\/wp-content\/uploads\/2024\/04\/RAFA-150x150.png 150w, https:\/\/cronicaslombardi.com\/wp-content\/uploads\/2024\/04\/RAFA-100x100.png 100w\" sizes=\"(max-width: 211px) 100vw, 211px\" \/><\/figure>\n\n\n\n<p class=\"has-text-align-center\">Por Rafa Cervera\u270d\ufe0f<\/p>\n\n\n\n<hr class=\"wp-block-separator has-alpha-channel-opacity\"\/>\n\n\n\n<p>1.Pienso que, de aqu\u00ed a abril tendremos mucha informaci\u00f3n, casi el 90%, centrada en el <em>draft<\/em> y, de esta, el 50% en ese primer <em>pick<\/em> de los Bears.<\/p>\n\n\n\n<p>2.Pienso que Chicago se quedar\u00e1 con Justin Fields. No es nada cient\u00edfico, simplemente un pensamiento.<\/p>\n\n\n\n<p>3.Pienso que si Fields sale de Chicago, deber\u00eda ir a un proyecto que estuviera iniciando y del cual pudiera ser referente. Atlanta Falcons no est\u00e1 en esa situaci\u00f3n. As\u00ed que pienso que cometer\u00eda un grave error si da \u201cel oro y el moro\u201d por Fields, porque necesitan un quarterback veterano, estilo Kirk Cousins, que haga funcionar a sus grandes piezas ofensivas. En resumen, pienso que Atlanta debe actuar con la cabeza muy fr\u00eda.<\/p>\n\n\n\n<p>4.Sobre quarterbacks y <em>draft<\/em>, pienso, tras la \u00faltima final universitaria que, independientemente de las oleadas de marketing que comience a generar la NFL, yo no coger\u00eda en la primera ronda ni a J.J. McCarthy (Michigan) ni a Michael Penix (Washington).<\/p>\n\n\n\n<p>5.Siguiendo con el <em>draft<\/em>, es pr\u00e1cticamente obvio que dos quarterbacks (quiz\u00e1 tres) ser\u00e1n las primeras selecciones. Pienso que este es un buen dato: nueve veces antes, en la era moderna de la liga, dos quarterbacks han sido elegidos con las dos primeras opciones de un <em>draft<\/em>. Jam\u00e1s, jam\u00e1s, los dos han triunfado en la NFL (o uno o ninguno).<\/p>\n\n\n\n<p>6.Pienso que prescindir de Steve Wilks era algo esperado en el seno de los San Francisco 49ers. La defensa de los californianos no estuvo a la altura de temporadas anteriores y las estrellas que ten\u00edan rindieron por debajo de su capacidad toda la campa\u00f1a. Pienso que, mirando este despido, no debemos centrarnos en lo ocurrido en la Super Bowl, sino en todo el curso. Comparar el \u201cFront 4\u201d de San Francisco y Kansas City, viendo que el segundo dio m\u00e1s rendimiento que el primero, fue la gota que colm\u00f3 el vaso.<\/p>\n\n\n\n<p>7.Pienso que el hecho de que haya grandes nombres, gur\u00fas defensivos, \u201cte\u00f3ricamente\u201d, en el mercado, precipit\u00f3 el despido de Wilks. De todos ellos, por cierto, no pienso que los 49ers puedan atraer m\u00e1s que a Brandon Staley, de quien tengo mis serias dudas.<\/p>\n\n\n\n<p>8.Pienso que el equipo que se lleve a Mike Evans mejorar\u00e1 su juego de pase como m\u00ednimo un 50%.<\/p>\n\n\n\n<p>9.Pienso que, al pensar en entrenadores (en jugadores tambi\u00e9n, pero no tanto), la relaci\u00f3n de los Seattle Seahawks con la ya desaparecida PAC 12 es muy, pero que muy estrecha. Que Seattle haya contratado a Ryan Grubb, procedente de la Universidad de Washington donde ejerc\u00eda el mismo trabajo, como coordinador de ataque puede ser definida como una sorpresa esperada.<\/p>\n\n\n\n<p>10.Y hablando de los coordinadores de los Seahawks. Pienso que se dieron dos grandes noticias internacionales de la NFL el mismo d\u00eda con una envergadura similar. En lo promocional, el so\u00f1ado partido en Madrid. En lo deportivo, la contrataci\u00f3n de Aden Durde como responsable de la defensa de Seattle (aunque se oficializara el d\u00eda 13). El ingl\u00e9s Durde, natural de Middlesex, Inglaterra, es el primer entrenador nacido y forjado fuera de Estados Unidos designado como coordinador de un equipo de la NFL. Pienso que ese viernes 9 de febrero de 2024 pasar\u00e1 sin duda a la historia del desarrollo internacional de la liga.<\/p>\n\n\n\n<p class=\"has-text-align-center\">\u2501\u2501\u2501\u2501\u2501\u2501 \u25e6 \u2756 \u25e6 \u2501\u2501\u2501\u2501\u2501\u2501<\/p>\n\n\n\n<p class=\"has-text-align-center\">Por Rafa Cervera<\/p>\n\n\n\n<hr class=\"wp-block-separator has-alpha-channel-opacity\"\/>\n\n\n<ul class=\"wp-block-latest-posts__list is-grid columns-3 alignwide wp-block-latest-posts\"><\/ul>","protected":false},"excerpt":{"rendered":"<p>1.Pienso que, de aqu\u00ed a abril tendremos mucha informaci\u00f3n, casi el 90%, centrada en el draft y, de<\/p>\n","protected":false},"author":1,"featured_media":5507,"comment_status":"open","ping_status":"open","sticky":false,"template":"","format":"standard","meta":{"footnotes":""},"categories":[7,11,124,23,24],"tags":[],"class_list":["post-5506","post","type-post","status-publish","format-standard","has-post-thumbnail","hentry","category-rafacervera22","category-actualidad","category-las-10-reflexiones-de-rafa","category-nfl","category-noticia-destacada"],"_links":{"self":[{"href":"https:\/\/cronicaslombardi.com\/index.php?rest_route=\/wp\/v2\/posts\/5506","targetHints":{"allow":["GET"]}}],"collection":[{"href":"https:\/\/cronicaslombardi.com\/index.php?rest_route=\/wp\/v2\/posts"}],"about":[{"href":"https:\/\/cronicaslombardi.com\/index.php?rest_route=\/wp\/v2\/types\/post"}],"author":[{"embeddable":true,"href":"https:\/\/cronicaslombardi.com\/index.php?rest_route=\/wp\/v2\/users\/1"}],"replies":[{"embeddable":true,"href":"https:\/\/cronicaslombardi.com\/index.php?rest_route=%2Fwp%2Fv2%2Fcomments&post=5506"}],"version-history":[{"count":3,"href":"https:\/\/cronicaslombardi.com\/index.php?rest_route=\/wp\/v2\/posts\/5506\/revisions"}],"predecessor-version":[{"id":5510,"href":"https:\/\/cronicaslombardi.com\/index.php?rest_route=\/wp\/v2\/posts\/5506\/revisions\/5510"}],"wp:featuredmedia":[{"embeddable":true,"href":"https:\/\/cronicaslombardi.com\/index.php?rest_route=\/wp\/v2\/media\/5507"}],"wp:attachment":[{"href":"https:\/\/cronicaslombardi.com\/index.php?rest_route=%2Fwp%2Fv2%2Fmedia&parent=5506"}],"wp:term":[{"taxonomy":"category","embeddable":true,"href":"https:\/\/cronicaslombardi.com\/index.php?rest_route=%2Fwp%2Fv2%2Fcategories&post=5506"},{"taxonomy":"post_tag","embeddable":true,"href":"https:\/\/cronicaslombardi.com\/index.php?rest_route=%2Fwp%2Fv2%2Ftags&post=5506"}],"curies":[{"name":"wp","href":"https:\/\/api.w.org\/{rel}","templated":true}]}}