{"id":2297,"date":"2023-04-12T17:31:16","date_gmt":"2023-04-12T15:31:16","guid":{"rendered":"https:\/\/cronicaslombardi.com\/?p=2297"},"modified":"2023-04-12T17:31:16","modified_gmt":"2023-04-12T15:31:16","slug":"saquon-barkley-no-firmara-la-etiqueta-de-franquicia-se-perdera-el-inicio-del-programa-fuera-de-temporada","status":"publish","type":"post","link":"https:\/\/cronicaslombardi.com\/?p=2297","title":{"rendered":"SAQUON BARKLEY NO FIRMAR\u00c1 EL FRANCHISE TAG. SE PERDER\u00c1 EL INICIO DEL PROGRAMA DE POSTEMPORADA"},"content":{"rendered":"\n<p>Saquon Barkley no firmar\u00e1 el Franchise tag, se perder\u00e1 el inicio del programa de postemporada. Barkley no est\u00e1 contento con el tag que actualmente se niega a firmar mientras ambas partes contin\u00faan trabajando para lograr un nuevo acuerdo de varios a\u00f1os.<\/p>\n\n\n\n<p><a href=\"https:\/\/www.si.com\/nfl\/giants\/news\/-barkley-wont-sign-franchise-tag\" target=\"_blank\" rel=\"noreferrer noopener\">Read more&#8230;<\/a><\/p>\n\n\n\n<p><a href=\"https:\/\/www-si-com.translate.goog\/nfl\/giants\/news\/-barkley-wont-sign-franchise-tag?_x_tr_sl=auto&amp;_x_tr_tl=es&amp;_x_tr_hl=es&amp;_x_tr_pto=wapp\" target=\"_blank\" rel=\"noreferrer noopener\">Leer m\u00e1s&#8230;<\/a><\/p>\n\n\n\n<figure class=\"wp-block-image aligncenter size-large is-resized is-style-rounded\"><a href=\"https:\/\/twitter.com\/Cr_Lombardi\" target=\"_blank\" rel=\"noreferrer noopener\"><img decoding=\"async\" src=\"https:\/\/cronicaslombardi.com\/wp-content\/uploads\/2023\/04\/image-15.png?w=149\" alt=\"\" class=\"wp-image-2677\" width=\"65\" height=\"65\" srcset=\"https:\/\/cronicaslombardi.com\/wp-content\/uploads\/2023\/04\/image-15.png 149w, https:\/\/cronicaslombardi.com\/wp-content\/uploads\/2023\/04\/image-15-100x100.png 100w\" sizes=\"(max-width: 65px) 100vw, 65px\" \/><\/a><figcaption class=\"wp-element-caption\">Cr\u00f3nicas Lombardi<\/figcaption><\/figure>\n","protected":false},"excerpt":{"rendered":"<p>Saquon Barkley no firmar\u00e1 el Franchise tag, se perder\u00e1 el inicio del programa de postemporada. Barkley no est\u00e1<\/p>\n","protected":false},"author":2,"featured_media":2301,"comment_status":"open","ping_status":"open","sticky":false,"template":"","format":"standard","meta":{"footnotes":""},"categories":[11,24],"tags":[],"class_list":["post-2297","post","type-post","status-publish","format-standard","has-post-thumbnail","hentry","category-actualidad","category-noticia-destacada"],"_links":{"self":[{"href":"https:\/\/cronicaslombardi.com\/index.php?rest_route=\/wp\/v2\/posts\/2297","targetHints":{"allow":["GET"]}}],"collection":[{"href":"https:\/\/cronicaslombardi.com\/index.php?rest_route=\/wp\/v2\/posts"}],"about":[{"href":"https:\/\/cronicaslombardi.com\/index.php?rest_route=\/wp\/v2\/types\/post"}],"author":[{"embeddable":true,"href":"https:\/\/cronicaslombardi.com\/index.php?rest_route=\/wp\/v2\/users\/2"}],"replies":[{"embeddable":true,"href":"https:\/\/cronicaslombardi.com\/index.php?rest_route=%2Fwp%2Fv2%2Fcomments&post=2297"}],"version-history":[{"count":0,"href":"https:\/\/cronicaslombardi.com\/index.php?rest_route=\/wp\/v2\/posts\/2297\/revisions"}],"wp:featuredmedia":[{"embeddable":true,"href":"https:\/\/cronicaslombardi.com\/index.php?rest_route=\/wp\/v2\/media\/2301"}],"wp:attachment":[{"href":"https:\/\/cronicaslombardi.com\/index.php?rest_route=%2Fwp%2Fv2%2Fmedia&parent=2297"}],"wp:term":[{"taxonomy":"category","embeddable":true,"href":"https:\/\/cronicaslombardi.com\/index.php?rest_route=%2Fwp%2Fv2%2Fcategories&post=2297"},{"taxonomy":"post_tag","embeddable":true,"href":"https:\/\/cronicaslombardi.com\/index.php?rest_route=%2Fwp%2Fv2%2Ftags&post=2297"}],"curies":[{"name":"wp","href":"https:\/\/api.w.org\/{rel}","templated":true}]}}